{"id":1011,"date":"2020-07-02T12:59:32","date_gmt":"2020-07-02T10:59:32","guid":{"rendered":"https:\/\/p-gnaak5.project.space\/neu-im-vitalit-fuhrpark\/"},"modified":"2022-09-13T11:01:27","modified_gmt":"2022-09-13T09:01:27","slug":"neu-im-vialit-fuhrpark","status":"publish","type":"post","link":"https:\/\/www.vialit-austria.at\/en\/neu-im-vialit-fuhrpark\/","title":{"rendered":"Neu im Vialit Fuhrpark"},"content":{"rendered":"\n<p>Flink, wendig und mit einigen Extras: Die neue Oberfl\u00e4chen-Verlegemaschine OB-Vario 43\/06A konnte am 02. Juli 2020 erstmals im Echtbetrieb zeigen, was sie kann. Dabei darf man die kleinste OB-Maschine im Vialit Fuhrpark keinesfalls untersch\u00e4tzen. Durch ihre 4-Achsen findet sie auch auf G\u00fcterwegen und im kommunalen Stra\u00dfennetz noch ausreichend Platz zum effizienten Arbeiten und Wenden. Auch f\u00fcr Kleinfl\u00e4chen bietet die OB-Vario das ideale Fassungsverm\u00f6gen.<\/p>\n\n\n\n<p>Dank des ausgefeilten Reparaturbetriebes der neuen Oberfl\u00e4chenmaschine ist sowohl eine vollfl\u00e4chige als auch eine partielle Oberfl\u00e4chenverlegung auf Knopfdruck m\u00f6glich. Die Aufbringung des Bindemittels kann vom Maschinenf\u00fchrer \u00fcber Display gezielt auf einzelne Schadstellen oder auf die gesamte Fahrbahn erfolgen. Diese Neuheit spart Material und erm\u00f6glicht uns, diesen Kostenvorteil an unsere Kunden weiter zu geben.<\/p>\n\n\n\n<p>Auch der Maschinenhersteller Sch\u00e4fer Technic GmbH konnte sich bei der Jungfernfahrt \u00fcber eine Premiere freuen: Erstmals im Praxistest kam die neue seitliche Kollisionswarnung der neuen OB-Maschine zum Einsatz. Im Falle eines Hindernisses f\u00e4hrt die Maschine Spritzbalken und Splittstreuer automatisch ein und bietet so erh\u00f6hten Schutz f\u00fcr Personen und Gegenst\u00e4nde im Arbeitsumfeld.<\/p>\n","protected":false},"excerpt":{"rendered":"<p>Flink, wendig und mit einigen Extras: Die neue Oberfl\u00e4chen-Verlegemaschine OB-Vario 43\/06A konnte am 02. Juli 2020 erstmals im Echtbetrieb zeigen, was sie kann. Dabei darf man die kleinste OB-Maschine im Vialit Fuhrpark keinesfalls untersch\u00e4tzen. Durch ihre 4-Achsen findet sie auch auf G\u00fcterwegen und im kommunalen Stra\u00dfennetz noch ausreichend Platz zum effizienten Arbeiten und Wenden. Auch [&hellip;]<\/p>\n","protected":false},"author":8,"featured_media":541,"comment_status":"closed","ping_status":"closed","sticky":false,"template":"","format":"standard","meta":{"_acf_changed":false,"_genesis_hide_title":false,"_genesis_hide_breadcrumbs":false,"_genesis_hide_singular_image":false,"_genesis_hide_footer_widgets":false,"_genesis_custom_body_class":"","_genesis_custom_post_class":"","_genesis_layout":"","footnotes":""},"categories":[26],"tags":[],"class_list":{"0":"post-1011","1":"post","2":"type-post","3":"status-publish","4":"format-standard","5":"has-post-thumbnail","7":"category-unternehmen-en","8":"entry"},"acf":[],"_links":{"self":[{"href":"https:\/\/www.vialit-austria.at\/en\/wp-json\/wp\/v2\/posts\/1011","targetHints":{"allow":["GET"]}}],"collection":[{"href":"https:\/\/www.vialit-austria.at\/en\/wp-json\/wp\/v2\/posts"}],"about":[{"href":"https:\/\/www.vialit-austria.at\/en\/wp-json\/wp\/v2\/types\/post"}],"author":[{"embeddable":true,"href":"https:\/\/www.vialit-austria.at\/en\/wp-json\/wp\/v2\/users\/8"}],"replies":[{"embeddable":true,"href":"https:\/\/www.vialit-austria.at\/en\/wp-json\/wp\/v2\/comments?post=1011"}],"version-history":[{"count":2,"href":"https:\/\/www.vialit-austria.at\/en\/wp-json\/wp\/v2\/posts\/1011\/revisions"}],"predecessor-version":[{"id":2580,"href":"https:\/\/www.vialit-austria.at\/en\/wp-json\/wp\/v2\/posts\/1011\/revisions\/2580"}],"wp:featuredmedia":[{"embeddable":true,"href":"https:\/\/www.vialit-austria.at\/en\/wp-json\/wp\/v2\/media\/541"}],"wp:attachment":[{"href":"https:\/\/www.vialit-austria.at\/en\/wp-json\/wp\/v2\/media?parent=1011"}],"wp:term":[{"taxonomy":"category","embeddable":true,"href":"https:\/\/www.vialit-austria.at\/en\/wp-json\/wp\/v2\/categories?post=1011"},{"taxonomy":"post_tag","embeddable":true,"href":"https:\/\/www.vialit-austria.at\/en\/wp-json\/wp\/v2\/tags?post=1011"}],"curies":[{"name":"wp","href":"https:\/\/api.w.org\/{rel}","templated":true}]}}